{"id":1151,"date":"2021-08-26T13:31:45","date_gmt":"2021-08-26T11:31:45","guid":{"rendered":"http:\/\/www.iesjavirtual.es\/revista\/?p=1151"},"modified":"2022-01-29T18:35:32","modified_gmt":"2022-01-29T17:35:32","slug":"que-es-la-isla-de-calor-lo-averiguaras-con-estos-resultados","status":"publish","type":"post","link":"http:\/\/www.iesjavirtual.es\/revista\/que-es-la-isla-de-calor-lo-averiguaras-con-estos-resultados\/","title":{"rendered":"\u00bfQu\u00e9 es la isla de calor? Lo averiguar\u00e1s con estos resultados."},"content":{"rendered":"<p>Existe una p\u00e1gina web llamada <a href=\"https:\/\/datosclima.es\/Aemethistorico\/Meteostation.php\">datosclima.es<\/a> (tambi\u00e9n se puede encontrar buscando \u00abdatos meteorol\u00f3gicos hist\u00f3ricos\u00bb) donde puedes acceder a una base de datos bastante amplia de datos de temperatura, presi\u00f3n, viento, precipitaci\u00f3n e insolaci\u00f3n de toda Espa\u00f1a, adem\u00e1s de poder descargar los res\u00famenes diarios de <strong>Aemet <\/strong>(Agencia Estatal de Meteorolog\u00eda). Esta base de datos toma los datos de Aemet, y mientras que hay algunas funciones que son de pago (debe ser que los anuncios no son suficiente como fuente de ingresos), en general est\u00e1 muy bien porque puedes acceder con facilidad a millones de datos en total.<\/p>\n<p>Otra funci\u00f3n adicional es que puedes mirar los datos de otras ciudades del mundo, que han sido tomados de la <strong>NOAA<\/strong> (Oficina Nacional de Administraci\u00f3n Oce\u00e1nica y Atmosf\u00e9rica [de EEUU]) y de la <strong>GHCN<\/strong> (<em>Global Historical Climatology Network<\/em>), que son dos organismos de importancia global de la meteorolog\u00eda. Bueno, a ver, la verdad es que es la primera vez que veo lo de GHCN, pero la NOAA ya la conoc\u00eda.<\/p>\n<p>Vale, no me voy a enrollar m\u00e1s con eso, porque esta es la cuesti\u00f3n: obtuve toda la serie de datos de temperatura de la estaci\u00f3n meteorol\u00f3gica de Cuatro Vientos (la m\u00e1s cercana a Alcorc\u00f3n), y analic\u00e9 los datos para ver c\u00f3mo ha ido subiendo la temperatura. Son much\u00edsimos datos, porque la serie incluye todos los d\u00edas desde el 1 de mayo de 1945 hasta el 7 de agosto de 2021, y por cada d\u00eda son dos los datos (temperatura m\u00ednima y temperatura m\u00e1xima).<\/p>\n<p>Vale, pues ya hecha la introducci\u00f3n, voy a exponer los resultados del estudio, y con ello explicar\u00e9 lo que es la isla de calor urbana:<\/p>\n<h3>Informaci\u00f3n general:<\/h3>\n<p><a href=\"http:\/\/www.iesjavirtual.es\/revista\/wp-content\/uploads\/2021\/08\/climograma.png\"><img loading=\"lazy\" class=\"alignnone size-full wp-image-1154\" src=\"http:\/\/www.iesjavirtual.es\/revista\/wp-content\/uploads\/2021\/08\/climograma.png\" alt=\"\" width=\"1902\" height=\"721\" srcset=\"http:\/\/www.iesjavirtual.es\/revista\/wp-content\/uploads\/2021\/08\/climograma.png 1902w, http:\/\/www.iesjavirtual.es\/revista\/wp-content\/uploads\/2021\/08\/climograma-300x114.png 300w, http:\/\/www.iesjavirtual.es\/revista\/wp-content\/uploads\/2021\/08\/climograma-1024x388.png 1024w, http:\/\/www.iesjavirtual.es\/revista\/wp-content\/uploads\/2021\/08\/climograma-768x291.png 768w, http:\/\/www.iesjavirtual.es\/revista\/wp-content\/uploads\/2021\/08\/climograma-1536x582.png 1536w, http:\/\/www.iesjavirtual.es\/revista\/wp-content\/uploads\/2021\/08\/climograma-600x227.png 600w\" sizes=\"(max-width: 1902px) 100vw, 1902px\" \/><\/a><\/p>\n<p>Para esta gr\u00e1fica he tomado cada d\u00eda del a\u00f1o y he hecho la media de todas las temperaturas m\u00e1ximas y m\u00ednimas que ha habido a lo largo de los a\u00f1os en ese d\u00eda. Voy a poner un ejemplo imaginando que la serie de datos dura s\u00f3lo tres a\u00f1os:<\/p>\n<table>\n<tbody>\n<tr>\n<td width=\"189\"><\/td>\n<td width=\"189\">Temperatura m\u00e1xima (\u00baC)<\/td>\n<td width=\"189\">Temperatura m\u00ednima (\u00baC)<\/td>\n<\/tr>\n<tr>\n<td width=\"189\">1\/3\/1982<\/td>\n<td width=\"189\">19,2<\/td>\n<td width=\"189\">5<\/td>\n<\/tr>\n<tr>\n<td width=\"189\">1\/3\/1983<\/td>\n<td width=\"189\">18,6<\/td>\n<td width=\"189\">3,6<\/td>\n<\/tr>\n<tr>\n<td width=\"189\">1\/3\/1984<\/td>\n<td width=\"189\">6,8<\/td>\n<td width=\"189\">-0,6<\/td>\n<\/tr>\n<tr>\n<td width=\"189\">MEDIA<\/td>\n<td width=\"189\">14,87<\/td>\n<td width=\"189\">2,7<\/td>\n<\/tr>\n<\/tbody>\n<\/table>\n<p>Y luego, lo que he hecho para obtener la temperatura media, que viene representada por la l\u00ednea verde, es algo un poco chapucero: hacer la media entre la m\u00ednima y la m\u00e1xima. Esto t\u00e9cnicamente no es lo correcto, porque la verdadera temperatura media es la media entre todos los valores de temperatura del d\u00eda.<\/p>\n<p>Sin embargo, como el tiempo es una variable continua, uno no puede tomar infinitos datos, y entonces lo necesario es hacer un compromiso entre la cantidad de datos y la calidad de la media. Si fuera posible trazar una curva que siga casi a la perfecci\u00f3n los datos de temperatura, que se toman a intervalos regulares (algo razonable es uno cada cinco minutos) entonces se podr\u00eda calcular el \u00e1rea de debajo de esa curva integrando, pero en verdad ser\u00eda complicarse la vida porque al final lo que te dar\u00eda de media ser\u00eda casi igual a media de la m\u00e1xima y la m\u00ednima.<\/p>\n<p>Entonces, cuando la Aemet muestra la temperatura media del d\u00eda en los datos diarios de su p\u00e1gina, siempre muestra la media entre la m\u00e1xima y la m\u00ednima, para no complicarse.<\/p>\n<p>Con los datos de esa gr\u00e1fica se puede saber lo siguiente:<\/p>\n<ul>\n<li>El d\u00eda m\u00e1s caluroso es el 28 de julio, porque tiene tanto la media de las m\u00ednimas m\u00e1s alta (18,5\u00baC) como la media de las m\u00e1ximas m\u00e1s alta (33,4\u00baC). Puede ser que sea justo el 28 de julio por casualidad, pero en general el calor m\u00e1ximo del a\u00f1o se sit\u00faa en la \u00faltima semana de julio.<\/li>\n<li>El d\u00eda m\u00e1s fr\u00edo es el 14 de enero, con una m\u00e1xima de 9,55\u00baC y una m\u00ednima de 0,85\u00baC. Sin embargo, aunque s\u00ed que es el d\u00eda con las m\u00ednimas m\u00e1s bajas, no es el que tiene las m\u00e1ximas m\u00e1s bajas; ese t\u00edtulo lo ostenta el 10 de enero, con 9,25\u00baC. En todo caso, se puede decir que el punto \u00e1lgido del invierno est\u00e1 en la segunda semana de enero.<\/li>\n<li>La temperatura media de las m\u00e1ximas de todo el per\u00edodo estudiado es de 20,3\u00baC, y la de las m\u00ednimas es 8,8\u00baC, por lo que la temperatura media es de 14,55\u00baC. Sin embargo, hay que destacar la diferencia significativa que hay entre los a\u00f1os: 1956 fue el m\u00e1s fr\u00edo de todos (principalmente por culpa de un febrero fr\u00edgido), con 12,65\u00baC, mientras que 2017 fue cuatro grados m\u00e1s c\u00e1lido: 16,6\u00baC. Los d\u00edas del a\u00f1o cuando hace una temperatura cercana a la media de 14,55\u00baC son los de principios de mayo y los de mediados de octubre. En ese momento del a\u00f1o el tiempo es cambiante, pero en general bastante agradable (de d\u00eda no hace ni fr\u00edo ni calor).<\/li>\n<\/ul>\n<p>Ahora, si hago la diferencia entre la m\u00ednima y la m\u00e1xima de cada d\u00eda podr\u00e9 obtener un gr\u00e1fico de la amplitud t\u00e9rmica diaria a lo largo del a\u00f1o:<\/p>\n<p><a href=\"http:\/\/www.iesjavirtual.es\/revista\/wp-content\/uploads\/2021\/08\/ampterm.png\"><img loading=\"lazy\" class=\"alignnone size-full wp-image-1165\" src=\"http:\/\/www.iesjavirtual.es\/revista\/wp-content\/uploads\/2021\/08\/ampterm.png\" alt=\"\" width=\"1106\" height=\"441\" srcset=\"http:\/\/www.iesjavirtual.es\/revista\/wp-content\/uploads\/2021\/08\/ampterm.png 1106w, http:\/\/www.iesjavirtual.es\/revista\/wp-content\/uploads\/2021\/08\/ampterm-300x120.png 300w, http:\/\/www.iesjavirtual.es\/revista\/wp-content\/uploads\/2021\/08\/ampterm-1024x408.png 1024w, http:\/\/www.iesjavirtual.es\/revista\/wp-content\/uploads\/2021\/08\/ampterm-768x306.png 768w, http:\/\/www.iesjavirtual.es\/revista\/wp-content\/uploads\/2021\/08\/ampterm-600x239.png 600w\" sizes=\"(max-width: 1106px) 100vw, 1106px\" \/><\/a><\/p>\n<ul>\n<li>Se observa que la amplitud t\u00e9rmica es mayor en verano que en invierno. Suena l\u00f3gico, porque en invierno la luz solar es mucho menos intensa que en verano, y entonces tiene menos capacidad para calentar durante el d\u00eda. Adem\u00e1s, es en verano cuando el cielo est\u00e1 despejado m\u00e1s tiempo (7\/8 del tiempo frente a la mitad del tiempo en invierno), por lo que hay menos nubes que puedan bloquear la luz solar de d\u00eda o actuar como \u00abmantas\u00bb durante la noche. Entonces, el momento con mayor amplitud t\u00e9rmica se encuentra aproximadamente en el 20 de julio (15,4\u00baC), y el que menos es Nochevieja (7,7\u00baC).<\/li>\n<\/ul>\n<h3>Dos gr\u00e1ficos bonitos:<\/h3>\n<p><a href=\"http:\/\/www.iesjavirtual.es\/revista\/wp-content\/uploads\/2021\/08\/distrmax.png\"><img loading=\"lazy\" class=\"alignnone size-full wp-image-1155\" src=\"http:\/\/www.iesjavirtual.es\/revista\/wp-content\/uploads\/2021\/08\/distrmax.png\" alt=\"\" width=\"1313\" height=\"461\" srcset=\"http:\/\/www.iesjavirtual.es\/revista\/wp-content\/uploads\/2021\/08\/distrmax.png 1313w, http:\/\/www.iesjavirtual.es\/revista\/wp-content\/uploads\/2021\/08\/distrmax-300x105.png 300w, http:\/\/www.iesjavirtual.es\/revista\/wp-content\/uploads\/2021\/08\/distrmax-1024x360.png 1024w, http:\/\/www.iesjavirtual.es\/revista\/wp-content\/uploads\/2021\/08\/distrmax-768x270.png 768w, http:\/\/www.iesjavirtual.es\/revista\/wp-content\/uploads\/2021\/08\/distrmax-600x211.png 600w\" sizes=\"(max-width: 1313px) 100vw, 1313px\" \/><\/a> <a href=\"http:\/\/www.iesjavirtual.es\/revista\/wp-content\/uploads\/2021\/08\/distrmin.png\"><img loading=\"lazy\" class=\"alignnone size-full wp-image-1156\" src=\"http:\/\/www.iesjavirtual.es\/revista\/wp-content\/uploads\/2021\/08\/distrmin.png\" alt=\"\" width=\"1291\" height=\"461\" srcset=\"http:\/\/www.iesjavirtual.es\/revista\/wp-content\/uploads\/2021\/08\/distrmin.png 1291w, http:\/\/www.iesjavirtual.es\/revista\/wp-content\/uploads\/2021\/08\/distrmin-300x107.png 300w, http:\/\/www.iesjavirtual.es\/revista\/wp-content\/uploads\/2021\/08\/distrmin-1024x366.png 1024w, http:\/\/www.iesjavirtual.es\/revista\/wp-content\/uploads\/2021\/08\/distrmin-768x274.png 768w, http:\/\/www.iesjavirtual.es\/revista\/wp-content\/uploads\/2021\/08\/distrmin-600x214.png 600w\" sizes=\"(max-width: 1291px) 100vw, 1291px\" \/><\/a><\/p>\n<p>En estos gr\u00e1ficos se muestra el porcentaje de las veces que ha habido cierto rango de temperatura m\u00e1xima o m\u00ednima en cada d\u00eda. Esa frase ha sido un poco larga, pero b\u00e1sicamente sirve para saber qu\u00e9 posibilidad hay que en cierta fecha la temperatura m\u00e1xima o m\u00ednima est\u00e9 entre, por ejemplo 15 y 20 grados. Con la tabla de la que saco los datos para el gr\u00e1fico, puedo saber que el 26% de los d\u00edas de julio y agosto tienen una temperatura m\u00e1xima inferior a 30\u00baC, mientras que en el 74% de los d\u00edas hace bastante calor (30\u00baC o m\u00e1s).<\/p>\n<p>De este gr\u00e1fico se pueden sacar estas conclusiones:<\/p>\n<ul>\n<li>El d\u00eda que m\u00e1s heladas (m\u00ednimas de \u22640\u00baC) ha tenido es el D\u00eda de Reyes, porque en los 76 a\u00f1os que ha habido mediciones, ha habido 36 d\u00edas del 6 de enero con helada. En todo caso, es casualidad que justo haya tocado ese d\u00eda, porque en general se puede decir que principios de enero es el momento del a\u00f1o m\u00e1s helado.<\/li>\n<li>Los dos d\u00edas del a\u00f1o con mayor probabilidad de calor extremo (m\u00e1ximas de \u226535\u00baC) son el 26 y el 28 de julio, porque en los 77 a\u00f1os que ha habido registro, en ambos d\u00edas ha habido 31 ocasiones en las que hizo todo este calor.<\/li>\n<li>El d\u00eda del a\u00f1o en el que m\u00e1s noches tropicales (m\u00ednimas de \u226520\u00baC) han ocurrido es el 30 de julio, con 30 noches tropicales de 77 noches en total. Por suerte, aunque una temperatura as\u00ed de alta sea inc\u00f3moda para dormir, no lo es tanto gracias a que la humedad en general se mantiene baja en verano.<\/li>\n<\/ul>\n<p>Y por \u00faltimo voy a poner la probabilidad no de cada d\u00eda del a\u00f1o sino en total:<\/p>\n<p><a href=\"http:\/\/www.iesjavirtual.es\/revista\/wp-content\/uploads\/2021\/08\/frecmin.png\"><img loading=\"lazy\" class=\"alignnone size-full wp-image-1158\" src=\"http:\/\/www.iesjavirtual.es\/revista\/wp-content\/uploads\/2021\/08\/frecmin.png\" alt=\"\" width=\"2127\" height=\"720\" srcset=\"http:\/\/www.iesjavirtual.es\/revista\/wp-content\/uploads\/2021\/08\/frecmin.png 2127w, http:\/\/www.iesjavirtual.es\/revista\/wp-content\/uploads\/2021\/08\/frecmin-300x102.png 300w, http:\/\/www.iesjavirtual.es\/revista\/wp-content\/uploads\/2021\/08\/frecmin-1024x347.png 1024w, http:\/\/www.iesjavirtual.es\/revista\/wp-content\/uploads\/2021\/08\/frecmin-768x260.png 768w, http:\/\/www.iesjavirtual.es\/revista\/wp-content\/uploads\/2021\/08\/frecmin-1536x520.png 1536w, http:\/\/www.iesjavirtual.es\/revista\/wp-content\/uploads\/2021\/08\/frecmin-2048x693.png 2048w, http:\/\/www.iesjavirtual.es\/revista\/wp-content\/uploads\/2021\/08\/frecmin-600x203.png 600w\" sizes=\"(max-width: 2127px) 100vw, 2127px\" \/><\/a> <a href=\"http:\/\/www.iesjavirtual.es\/revista\/wp-content\/uploads\/2021\/08\/frecmax.png\"><img loading=\"lazy\" class=\"alignnone size-full wp-image-1157\" src=\"http:\/\/www.iesjavirtual.es\/revista\/wp-content\/uploads\/2021\/08\/frecmax.png\" alt=\"\" width=\"1361\" height=\"460\" srcset=\"http:\/\/www.iesjavirtual.es\/revista\/wp-content\/uploads\/2021\/08\/frecmax.png 1361w, http:\/\/www.iesjavirtual.es\/revista\/wp-content\/uploads\/2021\/08\/frecmax-300x101.png 300w, http:\/\/www.iesjavirtual.es\/revista\/wp-content\/uploads\/2021\/08\/frecmax-1024x346.png 1024w, http:\/\/www.iesjavirtual.es\/revista\/wp-content\/uploads\/2021\/08\/frecmax-768x260.png 768w, http:\/\/www.iesjavirtual.es\/revista\/wp-content\/uploads\/2021\/08\/frecmax-600x203.png 600w\" sizes=\"(max-width: 1361px) 100vw, 1361px\" \/><\/a><\/p>\n<p>Se observa que como a finales de oto\u00f1o y principios de primavera la amplitud t\u00e9rmica es bastante baja, es m\u00e1s habitual que siga habiendo m\u00e1ximas bastante bajas de entre 10\u00baC y 14,9\u00baC, mientras que como en verano es muy alta, hay un m\u00e1ximo relativo en el rango de entre 30\u00baC y 34,9\u00baC que no existe en el rango de m\u00ednimas de entre 15\u00baC y 19,9\u00baC. Pero bueno, estos gr\u00e1ficos son relativamente poco interesantes en comparaci\u00f3n con los que hay m\u00e1s adelante:<\/p>\n<h3>Calentamiento:<\/h3>\n<p>La temperatura media de la estaci\u00f3n meteorol\u00f3gica de Cuatro Vientos ha ascendido considerablemente desde que comenzaron los registros en 1945. Es cierto que en casi, casi todas las estaciones meteorol\u00f3gicas ha subido la temperatura, pero ya voy adelantando que en Cuatro Vientos el ascenso ha sido m\u00e1s pronunciado que en otros lugares.<\/p>\n<p>En concreto, <a href=\"http:\/\/www.aemet.es\/es\/noticias\/2021\/05\/informe_estado_clima_2020\">en un informe de mayo de 2021 sobre el a\u00f1o 2020<\/a>, Aemet dice que la temperatura media de Espa\u00f1a en la actualidad es 1,7\u00baC superior a los valores preindustriales, y 1,3\u00baC superior que a hace 60 a\u00f1os. Esto es superior a la media global de 1,2\u00baC de calentamiento de la que se habla, porque es que los oc\u00e9anos se calientan a menos velocidad que la tierra emergida, y en el hemisferio norte la proporci\u00f3n de tierra firme es el doble que en el hemisferio sur, por lo que justo Espa\u00f1a es un lugar que se calienta bastante (aunque menos que el \u00c1rtico).<\/p>\n<p><a href=\"http:\/\/www.iesjavirtual.es\/revista\/wp-content\/uploads\/2021\/08\/ascensomedia.png\"><img loading=\"lazy\" class=\"alignnone size-full wp-image-1152\" src=\"http:\/\/www.iesjavirtual.es\/revista\/wp-content\/uploads\/2021\/08\/ascensomedia.png\" alt=\"\" width=\"2128\" height=\"721\" srcset=\"http:\/\/www.iesjavirtual.es\/revista\/wp-content\/uploads\/2021\/08\/ascensomedia.png 2128w, http:\/\/www.iesjavirtual.es\/revista\/wp-content\/uploads\/2021\/08\/ascensomedia-300x102.png 300w, http:\/\/www.iesjavirtual.es\/revista\/wp-content\/uploads\/2021\/08\/ascensomedia-1024x347.png 1024w, http:\/\/www.iesjavirtual.es\/revista\/wp-content\/uploads\/2021\/08\/ascensomedia-768x260.png 768w, http:\/\/www.iesjavirtual.es\/revista\/wp-content\/uploads\/2021\/08\/ascensomedia-1536x520.png 1536w, http:\/\/www.iesjavirtual.es\/revista\/wp-content\/uploads\/2021\/08\/ascensomedia-2048x694.png 2048w, http:\/\/www.iesjavirtual.es\/revista\/wp-content\/uploads\/2021\/08\/ascensomedia-600x203.png 600w\" sizes=\"(max-width: 2128px) 100vw, 2128px\" \/><\/a><\/p>\n<p>En este gr\u00e1fico observamos la media de las m\u00e1ximas y de las m\u00ednimas de cada a\u00f1o, y la media entre esos dos par\u00e1metros. Hay a\u00f1adidas unas l\u00edneas de tendencia que se han obtenido con regresi\u00f3n lineal. Tengo que se\u00f1alar que aunque Excel incluya esa funci\u00f3n, en esta ocasi\u00f3n he hecho la regresi\u00f3n lineal yo mismo para pr\u00e1cticar esa parte del temario de mates que no hemos podido dar este a\u00f1o.<\/p>\n<p>El aumento es importante: respecto a 1945 la temperatura m\u00e1xima ha subido 2,05\u00baC, y la m\u00ednima 2,6\u00baC. Un aumento de temperatura de 2,33\u00baC es brutal, y eso probablemente es bastante menos de lo que queda todav\u00eda por subir hasta 2100. Si el clima de Madrid llega a ser 5,5\u00baC m\u00e1s caluroso en 2100 que lo era antes de la era industrial (ya hemos hecho 2,3\u00baC de esos 5,5\u00baC), estamos hablando de un clima tan caluroso como es el de Marrakech. Yo lo tengo claro: cuando sea mayor voy a vivir m\u00e1s al norte.<\/p>\n<p>Adem\u00e1s, presta atenci\u00f3n a que la m\u00ednima ha ascendido m\u00e1s que la m\u00e1xima. \u00bfSabes por qu\u00e9? Pues yo tengo una hip\u00f3tesis: la isla de calor. Ha llegado el momento de explicar el t\u00e9rmino y dejar de hacer suspense:<\/p>\n<h3>Isla de calor urbana:<\/h3>\n<p>Durante el d\u00eda el sol calienta la superficie. El suelo tiene mayor temperatura al atardecer, cuando lleva medio d\u00eda bajo el sol que al amanecer, cuando lleva medio d\u00eda a la sombra. Eso se sabe. Lo que no se sabe es que no todos los materiales se comportan de la misma manera.<\/p>\n<p>Por ejemplo, superficies oscuras como el asfalto o yermas como el cemento y el hormig\u00f3n se calientan mucho durante el d\u00eda (en verano no es raro que el asfalto alcance los 60\u00baC). Por la noche, todo ese calor que un suelo saludable de campo no absorber\u00eda se libera poco a poco al aire de la zona, lo que permite que la temperatura m\u00ednima sea considerablemente superior a la del campo. Otro factor que contribuye a que las noches de la ciudad sean menos fr\u00edas es el calor antropog\u00e9nico (motores, la calefacci\u00f3n de los edificios), que inevitablemente tambi\u00e9n calienta en cierta medida el ambiente.<\/p>\n<figure id=\"attachment_1167\" aria-describedby=\"caption-attachment-1167\" style=\"width: 926px\" class=\"wp-caption alignnone\"><a href=\"http:\/\/www.iesjavirtual.es\/revista\/wp-content\/uploads\/2021\/08\/islacalor.png\"><img loading=\"lazy\" class=\"wp-image-1167 size-full\" src=\"http:\/\/www.iesjavirtual.es\/revista\/wp-content\/uploads\/2021\/08\/islacalor.png\" alt=\"\" width=\"926\" height=\"408\" srcset=\"http:\/\/www.iesjavirtual.es\/revista\/wp-content\/uploads\/2021\/08\/islacalor.png 926w, http:\/\/www.iesjavirtual.es\/revista\/wp-content\/uploads\/2021\/08\/islacalor-300x132.png 300w, http:\/\/www.iesjavirtual.es\/revista\/wp-content\/uploads\/2021\/08\/islacalor-768x338.png 768w, http:\/\/www.iesjavirtual.es\/revista\/wp-content\/uploads\/2021\/08\/islacalor-600x264.png 600w\" sizes=\"(max-width: 926px) 100vw, 926px\" \/><\/a><figcaption id=\"caption-attachment-1167\" class=\"wp-caption-text\">La temperatura m\u00ednima observada en el Parque del Retiro es 2,1C superior a la del Aeropuerto de Madrid Barajas por los factores mencionados anteriormente. Y sin embargo, durante el d\u00eda la temperatura m\u00e1xima es 1,2\u00baC inferior. Todav\u00eda no s\u00e9 muy bien por qu\u00e9 es as\u00ed, pero bueno.<\/figcaption><\/figure>\n<p>Al final, incluso si el Retiro est\u00e1 a m\u00e1s elevaci\u00f3n que el aeropuerto, su temperatura media es superior. Es cierto que en un valle suele hacer m\u00e1s fr\u00edo por la noche que en una colina, pero aun as\u00ed se nota mucho la diferencia. En verano cuando voy a mi pueblo, que est\u00e1 a menos elevaci\u00f3n que Alcorc\u00f3n, por la noche se puede dormir, mientras que en Alcorc\u00f3n a veces la temperatura es desagradable incluso con la ventana abierta.<\/p>\n<figure style=\"width: 620px\" class=\"wp-caption alignnone\"><img loading=\"lazy\" src=\"https:\/\/www.climate.gov\/sites\/default\/files\/UHI_LasCruces_FLIRcombo_620.png\" alt=\"\" width=\"620\" height=\"465\" \/><figcaption class=\"wp-caption-text\">153\u00baF son 67,2\u00baC, y 96,9\u00baF son 36,1\u00baC.<\/figcaption><\/figure>\n<p><img src=\"https:\/\/pbs.twimg.com\/media\/ECBzjoHWkAAcgZX.jpg\" \/><\/p>\n<p><img src=\"https:\/\/media.winnipegfreepress.com\/images\/NEP10403005.jpg\" \/><\/p>\n<p>Si visitamos la p\u00e1gina del catastro, podemos ver de qu\u00e9 a\u00f1o son las edificaciones que se han construido en las zonas circundantes del Aer\u00f3dromo de Cuatro Vientos:<\/p>\n<ul>\n<li>Al oeste hay algunos chalets al otro lado de la A-5 del a\u00f1o 1950.<\/li>\n<li>Al este est\u00e1 Carabanchel, que a partir de los a\u00f1os 50 empez\u00f3 a tener un casco urbano fusionado con el de Madrid. De hecho, hasta 1948 Carabanchel Alto y Carabanchel Bajo eran municipios independientes, pero fueron anexionados en Madrid como parte del enorme crecimiento urbano que hubo a mediados del siglo pasado.<\/li>\n<li>Al norte, en la Avenida de la Aviaci\u00f3n, edificios de 1960 y 1961.<\/li>\n<li>La Fortuna, al sureste, surgi\u00f3 en los a\u00f1os 60 como un asentamiento de chabolas, y no recibi\u00f3 servicios b\u00e1sicos y calles asfaltadas hasta los a\u00f1os 80. Por aquel entonces era un lugar peligroso, y sigue siendo el barrio con menos servicios de Legan\u00e9s. En La Fortuna tambi\u00e9n hay edificios nuevos de la d\u00e9cada de los 2000.<\/li>\n<li>En el oeste est\u00e1 la colonia de militares de la Dehesa del Pr\u00edncipe, construida en 1983.<\/li>\n<li>Al este est\u00e1 el barrio que hay en torno a la Avenida de la Peseta, que tiene edificios que son principalmente de la d\u00e9cada de los 2000.<\/li>\n<li>Al sur, Alcorc\u00f3n creci\u00f3 much\u00edsimo, y su isla de calor tambi\u00e9n puede afectar a esa zona. Aparte de eso, el sur del aer\u00f3dromo se ha mantenido despejado, y lo que hay es el Museo del Aire, las cocheras de la l\u00ednea 10 y el Parque de Las Presillas.<\/li>\n<\/ul>\n<p><a href=\"http:\/\/www.iesjavirtual.es\/revista\/wp-content\/uploads\/2021\/08\/estmet.png\"><img loading=\"lazy\" class=\"alignnone size-full wp-image-1168\" src=\"http:\/\/www.iesjavirtual.es\/revista\/wp-content\/uploads\/2021\/08\/estmet.png\" alt=\"\" width=\"650\" height=\"650\" srcset=\"http:\/\/www.iesjavirtual.es\/revista\/wp-content\/uploads\/2021\/08\/estmet.png 650w, http:\/\/www.iesjavirtual.es\/revista\/wp-content\/uploads\/2021\/08\/estmet-300x300.png 300w, http:\/\/www.iesjavirtual.es\/revista\/wp-content\/uploads\/2021\/08\/estmet-150x150.png 150w, http:\/\/www.iesjavirtual.es\/revista\/wp-content\/uploads\/2021\/08\/estmet-600x600.png 600w\" sizes=\"(max-width: 650px) 100vw, 650px\" \/><\/a><\/p>\n<h1>Consecuencias:<\/h1>\n<h3>M\u00e1s calor:<\/h3>\n<p>Cada vez hace menos fr\u00edo por la noche, y aunque la isla de calor limite un poco la temperatura m\u00e1xima, esta ha aumentado considerablemente por el cambio clim\u00e1tico. Esto se traduce en que los veranos actuales son m\u00e1s t\u00f3rridos que los de hace varias d\u00e9cadas, y en el futuro los veranos m\u00e1s calurosos de la actualidad ser\u00e1n considerados como \u00abextremadamente benignos\u00bb.<\/p>\n<p><a href=\"http:\/\/www.iesjavirtual.es\/revista\/wp-content\/uploads\/2021\/08\/calorextremo.png\"><img loading=\"lazy\" class=\"alignnone size-full wp-image-1153\" src=\"http:\/\/www.iesjavirtual.es\/revista\/wp-content\/uploads\/2021\/08\/calorextremo.png\" alt=\"\" width=\"1296\" height=\"460\" srcset=\"http:\/\/www.iesjavirtual.es\/revista\/wp-content\/uploads\/2021\/08\/calorextremo.png 1296w, http:\/\/www.iesjavirtual.es\/revista\/wp-content\/uploads\/2021\/08\/calorextremo-300x106.png 300w, http:\/\/www.iesjavirtual.es\/revista\/wp-content\/uploads\/2021\/08\/calorextremo-1024x363.png 1024w, http:\/\/www.iesjavirtual.es\/revista\/wp-content\/uploads\/2021\/08\/calorextremo-768x273.png 768w, http:\/\/www.iesjavirtual.es\/revista\/wp-content\/uploads\/2021\/08\/calorextremo-600x213.png 600w\" sizes=\"(max-width: 1296px) 100vw, 1296px\" \/><\/a><\/p>\n<p>El n\u00famero de d\u00edas al a\u00f1o con temperaturas m\u00e1ximas iguales o superiores a 35\u00baC est\u00e1n al alza. Al menos en ese aspecto, los ni\u00f1os del a\u00f1o 1977 tuvieron suerte porque pudieron disfrutar de un verano casi sin d\u00edas calurosos y con noches frescas. Destacan los d\u00edas 28 y 29 de julio de 1977: temperatura m\u00e1xima de apenas 20\u00baC, y m\u00ednima de 9\u00baC. Eso no es normal, pero en definitiva prefiero eso a tener 38\u00baC.<\/p>\n<p><a href=\"http:\/\/www.iesjavirtual.es\/revista\/wp-content\/uploads\/2021\/08\/nochestropicales.png\"><img loading=\"lazy\" class=\"alignnone size-full wp-image-1160\" src=\"http:\/\/www.iesjavirtual.es\/revista\/wp-content\/uploads\/2021\/08\/nochestropicales.png\" alt=\"\" width=\"1296\" height=\"460\" srcset=\"http:\/\/www.iesjavirtual.es\/revista\/wp-content\/uploads\/2021\/08\/nochestropicales.png 1296w, http:\/\/www.iesjavirtual.es\/revista\/wp-content\/uploads\/2021\/08\/nochestropicales-300x106.png 300w, http:\/\/www.iesjavirtual.es\/revista\/wp-content\/uploads\/2021\/08\/nochestropicales-1024x363.png 1024w, http:\/\/www.iesjavirtual.es\/revista\/wp-content\/uploads\/2021\/08\/nochestropicales-768x273.png 768w, http:\/\/www.iesjavirtual.es\/revista\/wp-content\/uploads\/2021\/08\/nochestropicales-600x213.png 600w\" sizes=\"(max-width: 1296px) 100vw, 1296px\" \/><\/a><\/p>\n<p>Cada vez es m\u00e1s dif\u00edcil encontrar fresquito por la noche en verano. Mientras que hace 70 a\u00f1os lo m\u00e1s habitual era tener menos de diez d\u00edas al a\u00f1o con una m\u00ednima superior a 20\u00baC, ahora en un a\u00f1o normal se sufren hasta 40 noches calurosas.<\/p>\n<p><a href=\"http:\/\/www.iesjavirtual.es\/revista\/wp-content\/uploads\/2021\/08\/percmax.png\"><img loading=\"lazy\" class=\"alignnone size-full wp-image-1161\" src=\"http:\/\/www.iesjavirtual.es\/revista\/wp-content\/uploads\/2021\/08\/percmax.png\" alt=\"\" width=\"1295\" height=\"460\" srcset=\"http:\/\/www.iesjavirtual.es\/revista\/wp-content\/uploads\/2021\/08\/percmax.png 1295w, http:\/\/www.iesjavirtual.es\/revista\/wp-content\/uploads\/2021\/08\/percmax-300x107.png 300w, http:\/\/www.iesjavirtual.es\/revista\/wp-content\/uploads\/2021\/08\/percmax-1024x364.png 1024w, http:\/\/www.iesjavirtual.es\/revista\/wp-content\/uploads\/2021\/08\/percmax-768x273.png 768w, http:\/\/www.iesjavirtual.es\/revista\/wp-content\/uploads\/2021\/08\/percmax-600x213.png 600w\" sizes=\"(max-width: 1295px) 100vw, 1295px\" \/><\/a><\/p>\n<p>En matem\u00e1ticas ya os habr\u00e1n ense\u00f1ado lo que son los percentiles, y b\u00e1sicamente este gr\u00e1fico de los percentiles de las m\u00e1ximas de cada a\u00f1o muestra que cada vez hace m\u00e1s calor. En los a\u00f1os 50, lo m\u00e1s habitual es que la temperatura m\u00e1s calurosa de todo el verano fuera 38\u00baC, y ahora es 39,5\u00baC. Veremos c\u00f3mo ser\u00e1 en 2100. Seguro que la ola de calor de este a\u00f1o ser\u00e1 bastante normal o incluso peque\u00f1a en 2100.<\/p>\n<h3>Menos fr\u00edo:<\/h3>\n<p><a href=\"http:\/\/www.iesjavirtual.es\/revista\/wp-content\/uploads\/2021\/08\/percmin-1.png\"><img loading=\"lazy\" class=\"alignnone size-full wp-image-1174\" src=\"http:\/\/www.iesjavirtual.es\/revista\/wp-content\/uploads\/2021\/08\/percmin-1.png\" alt=\"\" width=\"1296\" height=\"460\" srcset=\"http:\/\/www.iesjavirtual.es\/revista\/wp-content\/uploads\/2021\/08\/percmin-1.png 1296w, http:\/\/www.iesjavirtual.es\/revista\/wp-content\/uploads\/2021\/08\/percmin-1-300x106.png 300w, http:\/\/www.iesjavirtual.es\/revista\/wp-content\/uploads\/2021\/08\/percmin-1-1024x363.png 1024w, http:\/\/www.iesjavirtual.es\/revista\/wp-content\/uploads\/2021\/08\/percmin-1-768x273.png 768w, http:\/\/www.iesjavirtual.es\/revista\/wp-content\/uploads\/2021\/08\/percmin-1-600x213.png 600w\" sizes=\"(max-width: 1296px) 100vw, 1296px\" \/><\/a><\/p>\n<p>Vale, pues mientras el calor aumenta, el fr\u00edo disminuye. Lo m\u00e1s habitual en 1950 era que el d\u00eda m\u00e1s fr\u00edo del a\u00f1o fuera de -6,5\u00baC, pero ahora el d\u00eda m\u00e1s fr\u00edo del a\u00f1o suele ser de apenas -4,5\u00baC. Y en verano, la noche m\u00e1s c\u00e1lida del a\u00f1o en la actualidad llega casi a 25\u00baC, mientras que hace 75 a\u00f1os ser\u00eda aproximadamente de 22\u00baC. Espero no tener que soportar en el futuro alguna noche de 30\u00baC como la que soportaron los jienenses en la ola de calor (de verdad).<\/p>\n<p>Ah, y por cierto, mirad c\u00f3mo destaca 2021: en la ola de fr\u00edo excepcional de despu\u00e9s de Filomena alcanzamos -13\u00baC. 2021 est\u00e1 siendo muy raro, porque por un lado en invierno tenemos una enorme nevada y un fr\u00edo de r\u00e9cord, mientras que en verano hemos batido el r\u00e9cord de temperatura m\u00e1xima, con 42,2\u00baC.<\/p>\n<p><a href=\"http:\/\/www.iesjavirtual.es\/revista\/wp-content\/uploads\/2021\/08\/heladas-1.png\"><img loading=\"lazy\" class=\"alignnone wp-image-1210 size-full\" src=\"http:\/\/www.iesjavirtual.es\/revista\/wp-content\/uploads\/2021\/08\/heladas-1.png\" alt=\"\" width=\"1296\" height=\"460\" srcset=\"http:\/\/www.iesjavirtual.es\/revista\/wp-content\/uploads\/2021\/08\/heladas-1.png 1296w, http:\/\/www.iesjavirtual.es\/revista\/wp-content\/uploads\/2021\/08\/heladas-1-300x106.png 300w, http:\/\/www.iesjavirtual.es\/revista\/wp-content\/uploads\/2021\/08\/heladas-1-1024x363.png 1024w, http:\/\/www.iesjavirtual.es\/revista\/wp-content\/uploads\/2021\/08\/heladas-1-768x273.png 768w, http:\/\/www.iesjavirtual.es\/revista\/wp-content\/uploads\/2021\/08\/heladas-1-600x213.png 600w\" sizes=\"(max-width: 1296px) 100vw, 1296px\" \/><\/a><\/p>\n<p>As\u00ed pues, el n\u00famero de heladas que tenemos es cada vez menor. Hemos pasado de aproximadamente 45 al a\u00f1o a mediados del siglo pasado a apenas veinte en la actualidad. Adem\u00e1s, en el pasado sol\u00eda haber un par de d\u00edas al a\u00f1o con -5\u00baC, pero ahora s\u00f3lo ocurre muy de vez en cuando. Este a\u00f1o ha ocurrido cinco d\u00edas consecutivos, pero llev\u00e1bamos cuatro inviernos sin que ocurriera.<\/p>\n<figure id=\"attachment_1163\" aria-describedby=\"caption-attachment-1163\" style=\"width: 1296px\" class=\"wp-caption alignnone\"><a href=\"http:\/\/www.iesjavirtual.es\/revista\/wp-content\/uploads\/2021\/08\/sinheladas-comparado.png\"><img loading=\"lazy\" class=\"wp-image-1163 size-full\" src=\"http:\/\/www.iesjavirtual.es\/revista\/wp-content\/uploads\/2021\/08\/sinheladas-comparado.png\" alt=\"\" width=\"1296\" height=\"460\" srcset=\"http:\/\/www.iesjavirtual.es\/revista\/wp-content\/uploads\/2021\/08\/sinheladas-comparado.png 1296w, http:\/\/www.iesjavirtual.es\/revista\/wp-content\/uploads\/2021\/08\/sinheladas-comparado-300x106.png 300w, http:\/\/www.iesjavirtual.es\/revista\/wp-content\/uploads\/2021\/08\/sinheladas-comparado-1024x363.png 1024w, http:\/\/www.iesjavirtual.es\/revista\/wp-content\/uploads\/2021\/08\/sinheladas-comparado-768x273.png 768w, http:\/\/www.iesjavirtual.es\/revista\/wp-content\/uploads\/2021\/08\/sinheladas-comparado-600x213.png 600w\" sizes=\"(max-width: 1296px) 100vw, 1296px\" \/><\/a><figcaption id=\"caption-attachment-1163\" class=\"wp-caption-text\">La l\u00ednea de arriba representa la fecha de la primera helada del invierno, mientras que la l\u00ednea inferior es la \u00faltima. Entre medias est\u00e1 el verano. Las l\u00edneas negras representan el uno de enero.<\/figcaption><\/figure>\n<p>Menos heladas significa que la primera helada se va retrasando, mientras que la \u00faltima se va adelantando. Esto son buenas noticias para los agricultores, porque quiere decir que cada vez van a tener menor riesgo de que una helada tard\u00eda en primavera da\u00f1e sus cosechas, pero en general es una mala noticia porque es otro signo del cambio clim\u00e1tico.<\/p>\n<h3>Definici\u00f3n:<\/h3>\n<p>El per\u00edodo sin heladas se define como el n\u00famero de d\u00edas que hay contando desde el d\u00eda posterior a la \u00faltima helada de un invierno hasta el d\u00eda anterior a la primera helada del siguiente. Este concepto es bastante importante, porque les sirve a los agricultores para saber cu\u00e1ndo sembrar de forma que sus algunas de sus cosechas no se echen a perder por una helada primaveral.<\/p>\n<p>Existen dos tipos de heladas:<\/p>\n<ul>\n<li>La helada blanca. B\u00e1sicamente, una ocasi\u00f3n en la que la temperatura desciende por debajo de 0\u00baC cuando hay una humedad alta, lo que causa que parte del contenido de agua del aire se deposite sobre ciertas superficies (sobre todo plantas y ventanas) como escarcha. En todo caso, esta helada no siempre es grave, porque siempre y cuando no se congele el interior de la planta (la savia), la planta en general sobrevivir\u00e1 si est\u00e1 adaptada a las heladas. A ver, depende de la planta: los tomates, que no est\u00e1n acostumbrados a estas temperaturas, s\u00ed que se mueren, pero un \u00e1rbol caducifolio sobrevive (las hojas no, pero el \u00e1rbol s\u00ed). Por eso las hojas de los \u00e1rboles salen a principios de marzo (en lugares m\u00e1s al norte de Europa ocurre uno o incluso dos meses m\u00e1s tarde).<\/li>\n<li>Helada negra: aqu\u00ed no hay la humedad necesaria para que se deposite un manto de escarcha, pero s\u00ed que es un fr\u00edo tan intenso que congela la savia de las plantas. Si la planta est\u00e1 en \u00abmodo invierno\u00bb no pasa nada siempre y cuando no sea un fr\u00edo exagerado, porque la planta ha disminuido su actividad para evitar morirse si hace fr\u00edo. Pero como le pille a la planta ya al principio de primavera, est\u00e1 perdida. Esto es lo que ocurri\u00f3 este mes de abril en Francia, cuando se alcanzaron -8\u00baC y se murieron casi todas las vides.<\/li>\n<\/ul>\n<p>De media entre 1945 y 2021 la \u00faltima helada del invierno ocurre el 17 de marzo, siendo la \u00faltima helada del invierno m\u00e1s tard\u00eda la del 10 de mayo de 1951 (0\u00baC), y la m\u00e1s temprana la del 7 de enero de 1997. En el inicio del per\u00edodo de estudio la \u00faltima helada ocurr\u00eda en la primera semana de abril, mientras que ahora suele ocurrir hacia el final de febrero o al principio de marzo, por lo que se ha adelantado cinco semanas.<\/p>\n<p>La primera helada del invierno sol\u00eda ocurrir a mediados-finales de noviembre, pero ahora ocurre a principios de diciembre, de forma que se ha adelantado tres semanas.<\/p>\n<p>Al final, el per\u00edodo sin heladas en la actualidad es dos meses m\u00e1s largo que hace apenas unas d\u00e9cadas, cuando apenas duraba ocho meses.<\/p>\n<p><a href=\"http:\/\/www.iesjavirtual.es\/revista\/wp-content\/uploads\/2021\/08\/sinheladas.png\"><img loading=\"lazy\" class=\"alignnone size-full wp-image-1164\" src=\"http:\/\/www.iesjavirtual.es\/revista\/wp-content\/uploads\/2021\/08\/sinheladas.png\" alt=\"\" width=\"1296\" height=\"460\" srcset=\"http:\/\/www.iesjavirtual.es\/revista\/wp-content\/uploads\/2021\/08\/sinheladas.png 1296w, http:\/\/www.iesjavirtual.es\/revista\/wp-content\/uploads\/2021\/08\/sinheladas-300x106.png 300w, http:\/\/www.iesjavirtual.es\/revista\/wp-content\/uploads\/2021\/08\/sinheladas-1024x363.png 1024w, http:\/\/www.iesjavirtual.es\/revista\/wp-content\/uploads\/2021\/08\/sinheladas-768x273.png 768w, http:\/\/www.iesjavirtual.es\/revista\/wp-content\/uploads\/2021\/08\/sinheladas-600x213.png 600w\" sizes=\"(max-width: 1296px) 100vw, 1296px\" \/><\/a><\/p>\n<p>Lo que podr\u00eda hacer para poder estudiar en qu\u00e9 medida ha afectado la isla de calor a Cuatro Vientos es comparar la evoluci\u00f3n de las temperaturas con las del Aeropuerto de Madrid-Barajas Adolfo Su\u00e1rez, que en todo momento se ha mantenido alejado del casco urbano (muy pocos quieren vivir tan lejos del centro y con el ruido de los aviones).<\/p>\n<p>Tambi\u00e9n podr\u00eda comparar las precipitaciones con las temperaturas para ver si mi hip\u00f3tesis de que los a\u00f1os m\u00e1s calurosos son m\u00e1s secos es cierta. De momento lo que voy a poner aqu\u00ed son datos de Portugal, porque la agencia meteorol\u00f3gica de Portugal (<em>Instituto Portugu\u00eas do Mar e da Atmosfera<\/em>) elabora unos res\u00famenes del clima mucho mejores que los de la Aemet, y muestran un gr\u00e1fico que relaciona la precipitaci\u00f3n respecto a lo normal y la temperatura respecto a lo normal:<\/p>\n<p><a href=\"http:\/\/www.iesjavirtual.es\/revista\/wp-content\/uploads\/2021\/08\/portugal.png\"><img loading=\"lazy\" class=\"alignnone size-full wp-image-1169\" src=\"http:\/\/www.iesjavirtual.es\/revista\/wp-content\/uploads\/2021\/08\/portugal.png\" alt=\"\" width=\"637\" height=\"404\" srcset=\"http:\/\/www.iesjavirtual.es\/revista\/wp-content\/uploads\/2021\/08\/portugal.png 637w, http:\/\/www.iesjavirtual.es\/revista\/wp-content\/uploads\/2021\/08\/portugal-300x190.png 300w, http:\/\/www.iesjavirtual.es\/revista\/wp-content\/uploads\/2021\/08\/portugal-600x381.png 600w\" sizes=\"(max-width: 637px) 100vw, 637px\" \/><\/a><\/p>\n<p>Se ve que los a\u00f1os m\u00e1s c\u00e1lidos son m\u00e1s secos.<\/p>\n<h6>Conclusi\u00f3n:<\/h6>\n<p>Lo voy a reiterar: t\u00f3mate el cambio clim\u00e1tico lo m\u00e1s en serio posible. Hacer medidas para reducir tu impacto puede ser un fastidio, pero de la repetici\u00f3n se forma el h\u00e1bito, por lo que si te acostumbras a hacer todos los gestos posibles por reducir tu huella de carbono acabar\u00e1 cost\u00e1ndote poco. Si hay alg\u00fan aspecto en el que crees que puedes mejorar, como movilidad, dieta, eficiencia energ\u00e9tica o algo m\u00e1s, te insto a mejorar y a pedir a la gente que lo haga.<\/p>\n<p>Por todos los lugares del mundo va a haber muchos millones de personas cuyas vidas van a ser fastidiadas por el cambio clim\u00e1tico, y adem\u00e1s llegados a cierto punto es posible que se nos vaya de control de verdad. Ahora est\u00e1 sin control porque las fuentes de emisiones (sobre todo transporte, energ\u00eda y agricultura) est\u00e1n sin control, pero eso es algo que con iniciativa propia, legislaci\u00f3n e innovaci\u00f3n se puede controlar y volver a encarrilar en el camino correcto. Pero ese ya es otro tema, as\u00ed que eso es todo por este art\u00edculo.<\/p>\n","protected":false},"excerpt":{"rendered":"<p>Existe una p\u00e1gina web llamada datosclima.es (tambi\u00e9n se puede encontrar buscando \u00abdatos meteorol\u00f3gicos hist\u00f3ricos\u00bb) donde puedes acceder a una base de datos bastante amplia de datos de temperatura, presi\u00f3n, viento, precipitaci\u00f3n e insolaci\u00f3n de toda Espa\u00f1a, adem\u00e1s de poder descargar los res\u00famenes diarios de Aemet (Agencia Estatal de Meteorolog\u00eda). Esta base de datos toma los [&hellip;]<\/p>\n","protected":false},"author":30,"featured_media":0,"comment_status":"open","ping_status":"open","sticky":false,"template":"","format":"standard","meta":[],"categories":[165],"tags":[],"_links":{"self":[{"href":"http:\/\/www.iesjavirtual.es\/revista\/wp-json\/wp\/v2\/posts\/1151"}],"collection":[{"href":"http:\/\/www.iesjavirtual.es\/revista\/wp-json\/wp\/v2\/posts"}],"about":[{"href":"http:\/\/www.iesjavirtual.es\/revista\/wp-json\/wp\/v2\/types\/post"}],"author":[{"embeddable":true,"href":"http:\/\/www.iesjavirtual.es\/revista\/wp-json\/wp\/v2\/users\/30"}],"replies":[{"embeddable":true,"href":"http:\/\/www.iesjavirtual.es\/revista\/wp-json\/wp\/v2\/comments?post=1151"}],"version-history":[{"count":5,"href":"http:\/\/www.iesjavirtual.es\/revista\/wp-json\/wp\/v2\/posts\/1151\/revisions"}],"predecessor-version":[{"id":1211,"href":"http:\/\/www.iesjavirtual.es\/revista\/wp-json\/wp\/v2\/posts\/1151\/revisions\/1211"}],"wp:attachment":[{"href":"http:\/\/www.iesjavirtual.es\/revista\/wp-json\/wp\/v2\/media?parent=1151"}],"wp:term":[{"taxonomy":"category","embeddable":true,"href":"http:\/\/www.iesjavirtual.es\/revista\/wp-json\/wp\/v2\/categories?post=1151"},{"taxonomy":"post_tag","embeddable":true,"href":"http:\/\/www.iesjavirtual.es\/revista\/wp-json\/wp\/v2\/tags?post=1151"}],"curies":[{"name":"wp","href":"https:\/\/api.w.org\/{rel}","templated":true}]}}