{"id":927,"date":"2019-11-05T14:54:22","date_gmt":"2019-11-05T13:54:22","guid":{"rendered":"http:\/\/www.iesjavirtual.es\/revista\/?p=927"},"modified":"2019-11-05T14:54:55","modified_gmt":"2019-11-05T13:54:55","slug":"la-musica-en-nuestras-vidas","status":"publish","type":"post","link":"http:\/\/www.iesjavirtual.es\/revista\/la-musica-en-nuestras-vidas\/","title":{"rendered":"La m\u00fasica en nuestras vidas"},"content":{"rendered":"\n<p style=\"color:#ffffff\" class=\"has-text-color has-background has-luminous-vivid-amber-background-color\">No se vosotros, pero yo no puedo vivir sin escuchar m\u00fasica. Escucho m\u00fasica en todos lados, haga lo haga. Personalmente, me gusta la m\u00fasica que tiene un ritmo y una melod\u00eda marcada claramente, como es el caso de la m\u00fasica de los 80 o los 90, la m\u00fasica electr\u00f3nica o la m\u00fasica \u00e9pica. Todo lo contrario a lo que se escucha hoy en d\u00eda.<\/p>\n\n\n\n<p>La mayor\u00eda de la m\u00fasica que se escucha en 2019 es de 3 tipos: Reguet\u00f3n, Trap y Pop. Pero no un pop como hace 10 o 20 a\u00f1os, sino un pop apagado, sin melod\u00eda. Solo compara las primeras canciones de cualquier artista pop con las que ha sacado \u00faltimamente, la diferencia suele ser abismal. Entonces, \u00bfpor qu\u00e9 lo escuchamos? Por los acordes.<\/p>\n\n\n\n<p>Si cogi\u00e9ramos dos canciones pop, una de 2010 y otra de 2019, a priori suenan diferentes, porque no son la misma canci\u00f3n, tienen distinto ritmo y distinta melod\u00eda, pero si le quit\u00e1ramos el ritmo y los adornos musicales, quedan los acordes. Y ver\u00edamos que son iguales. Por eso nos gusta, aunque el pop antiguo sea mel\u00f3dico y el nuevo sea m\u00e1s r\u00edtmico.<\/p>\n\n\n\n<p>Lo mismo pasa con el reguet\u00f3n, se basa en el ritmo m\u00e1s que en la melod\u00eda, y vemos que todas las canciones de reguet\u00f3n tienen el mismo ritmo de tresillo 3-3-2 con bombos cada cuatro tiempos. <\/p>\n\n\n\n<p>A lo que quiero llegar con esto es cada vez escuchamos m\u00e1s m\u00fasica r\u00edtmica que mel\u00f3dica, al igual que nuestras vidas, que cada vez hacemos menos cosas que molan y nos convertimos en una sociedad consumista. Y eso las grandes marcas lo saben y lo aprovechan.<\/p>\n\n\n\n<p>La mayor\u00eda de nosotros detestamos ir de compras, pero hay \u00abalgo\u00bb que hace que en caso de estar all\u00ed nos quedemos bastante m\u00e1s rato del que nos gustar\u00eda. No, no te gusta la ropa, lo que te gusta es la m\u00fasica que suena de fondo. Probablemente ya te lo hayan dicho y creas que no es del todo verdad, pero si te paras a pensar dos veces, te das cuenta de que si es posible, pero solo funciona si no te das cuenta.<\/p>\n\n\n\n<p>Otra situaci\u00f3n de manipulaci\u00f3n con la m\u00fasica se puede ver en&#8230; las campa\u00f1as pol\u00edticas. Si, las campa\u00f1as pol\u00edticas.<\/p>\n\n\n\n<p>Seguro que has visto el t\u00edpico anuncio de televisi\u00f3n que te dice \u00abvota al partido x\u00bb junto con im\u00e1genes emotivas y de grandeza, acompa\u00f1adas de una m\u00fasica \u00e9pica en algunos casos, emocional en otros casos, que generan sentimientos a las personas que aun no han decidido a quien votar. Es una manipulaci\u00f3n de mal gusto, pero cualquier medio audiovisual actualmente tiene que generar fuertes sentimientos, as\u00ed que poco se puede hacer en contra.<\/p>\n\n\n\n<p>La pr\u00f3xima vez que abras Spotify, vayas de compras o mires la tele, ponte a analizar como te est\u00e1n manipulando.<\/p>\n\n\n\n<p><\/p>\n","protected":false},"excerpt":{"rendered":"<p>No se vosotros, pero yo no puedo vivir sin escuchar m\u00fasica. Escucho m\u00fasica en todos lados, haga lo haga. Personalmente, me gusta la m\u00fasica que tiene un ritmo y una melod\u00eda marcada claramente, como es el caso de la m\u00fasica de los 80 o los 90, la m\u00fasica electr\u00f3nica o la m\u00fasica \u00e9pica. Todo lo [&hellip;]<\/p>\n","protected":false},"author":27,"featured_media":928,"comment_status":"open","ping_status":"open","sticky":false,"template":"","format":"standard","meta":[],"categories":[18,3,13],"tags":[],"_links":{"self":[{"href":"http:\/\/www.iesjavirtual.es\/revista\/wp-json\/wp\/v2\/posts\/927"}],"collection":[{"href":"http:\/\/www.iesjavirtual.es\/revista\/wp-json\/wp\/v2\/posts"}],"about":[{"href":"http:\/\/www.iesjavirtual.es\/revista\/wp-json\/wp\/v2\/types\/post"}],"author":[{"embeddable":true,"href":"http:\/\/www.iesjavirtual.es\/revista\/wp-json\/wp\/v2\/users\/27"}],"replies":[{"embeddable":true,"href":"http:\/\/www.iesjavirtual.es\/revista\/wp-json\/wp\/v2\/comments?post=927"}],"version-history":[{"count":3,"href":"http:\/\/www.iesjavirtual.es\/revista\/wp-json\/wp\/v2\/posts\/927\/revisions"}],"predecessor-version":[{"id":936,"href":"http:\/\/www.iesjavirtual.es\/revista\/wp-json\/wp\/v2\/posts\/927\/revisions\/936"}],"wp:featuredmedia":[{"embeddable":true,"href":"http:\/\/www.iesjavirtual.es\/revista\/wp-json\/wp\/v2\/media\/928"}],"wp:attachment":[{"href":"http:\/\/www.iesjavirtual.es\/revista\/wp-json\/wp\/v2\/media?parent=927"}],"wp:term":[{"taxonomy":"category","embeddable":true,"href":"http:\/\/www.iesjavirtual.es\/revista\/wp-json\/wp\/v2\/categories?post=927"},{"taxonomy":"post_tag","embeddable":true,"href":"http:\/\/www.iesjavirtual.es\/revista\/wp-json\/wp\/v2\/tags?post=927"}],"curies":[{"name":"wp","href":"https:\/\/api.w.org\/{rel}","templated":true}]}}