{"id":1317,"date":"2022-04-01T15:45:21","date_gmt":"2022-04-01T13:45:21","guid":{"rendered":"http:\/\/www.iesjavirtual.es\/revista\/?p=1317"},"modified":"2022-04-01T15:45:21","modified_gmt":"2022-04-01T13:45:21","slug":"guerra-entre-rusia-y-ucrania-entrevista-al-profesor-de-filosofia-jorge-felipe-garcia","status":"publish","type":"post","link":"https:\/\/www.iesjavirtual.es\/revista\/guerra-entre-rusia-y-ucrania-entrevista-al-profesor-de-filosofia-jorge-felipe-garcia\/","title":{"rendered":"Guerra entre Rusia y Ucrania-Entrevista al profesor de filosof\u00eda Jorge Felipe Garc\u00eda"},"content":{"rendered":"<!--[if lt IE 9]><script>document.createElement('audio');<\/script><![endif]-->\n<audio class=\"wp-audio-shortcode\" id=\"audio-1317-1\" preload=\"none\" style=\"width: 100%;\" controls=\"controls\"><source type=\"audio\/mpeg\" src=\"http:\/\/www.iesjavirtual.es\/revista\/wp-content\/uploads\/2022\/04\/Entrevista-a-Jorge-Felipe-Garcia..mp3?_=1\" \/><a href=\"http:\/\/www.iesjavirtual.es\/revista\/wp-content\/uploads\/2022\/04\/Entrevista-a-Jorge-Felipe-Garcia..mp3\">http:\/\/www.iesjavirtual.es\/revista\/wp-content\/uploads\/2022\/04\/Entrevista-a-Jorge-Felipe-Garcia..mp3<\/a><\/audio>\n<p>\u00bfCu\u00e1l es la opini\u00f3n de nuestro profesor sobre este tipo de conflictos? \u00bfQu\u00e9 se esconde tras ellos? \u00bfQu\u00e9 reflexiones se pueden sacar?<\/p>\n<p>&nbsp;<\/p>\n<p>Minutos m\u00e1s destacables:<\/p>\n<p>00:17 &#8211; Introducci\u00f3n<\/p>\n<p>01:03 &#8211; Primera reflexi\u00f3n<\/p>\n<p>04:20 &#8211; Comienzo<\/p>\n<p>11:46 &#8211; Primera pregunta: Si estudiamos historia precisamente con la finalidad de no repetir los errores del pasado, \u00bfpor qu\u00e9 la guerra sigue existiendo?<\/p>\n<p>24:41- Segunda pregunta: Cada vez somos m\u00e1s propensos a adoptar actitudes superficiales frente a todo tipo de situaciones tr\u00e1gicas. \u00bfEs poco \u00e9tico, o sin embargo es m\u00e1s inteligente que apenarse? \u00bfQu\u00e9 consecuencias puede tener?<\/p>\n<p>35:07 &#8211; Tercera pregunta: Si somos una especie racional, \u00bfpor qu\u00e9 solucionamos los conflictos con violencia?<\/p>\n<p>41:33 &#8211; Cuarta pregunta: El ser humano es un animal propenso a la guerra y la competencia. \u00bfSer\u00e1 posible que en un futuro estos conflictos dejen de existir? \u00bfEs posible la paz mundial?<\/p>\n","protected":false},"excerpt":{"rendered":"<p>\u00bfCu\u00e1l es la opini\u00f3n de nuestro profesor sobre este tipo de conflictos? \u00bfQu\u00e9 se esconde tras ellos? \u00bfQu\u00e9 reflexiones se pueden sacar? &nbsp; Minutos m\u00e1s destacables: 00:17 &#8211; Introducci\u00f3n 01:03 &#8211; Primera reflexi\u00f3n 04:20 &#8211; Comienzo 11:46 &#8211; Primera pregunta: Si estudiamos historia precisamente con la finalidad de no repetir los errores del pasado, \u00bfpor [&hellip;]<\/p>\n","protected":false},"author":35,"featured_media":0,"comment_status":"open","ping_status":"open","sticky":false,"template":"","format":"standard","meta":[],"categories":[167],"tags":[84],"_links":{"self":[{"href":"https:\/\/www.iesjavirtual.es\/revista\/wp-json\/wp\/v2\/posts\/1317"}],"collection":[{"href":"https:\/\/www.iesjavirtual.es\/revista\/wp-json\/wp\/v2\/posts"}],"about":[{"href":"https:\/\/www.iesjavirtual.es\/revista\/wp-json\/wp\/v2\/types\/post"}],"author":[{"embeddable":true,"href":"https:\/\/www.iesjavirtual.es\/revista\/wp-json\/wp\/v2\/users\/35"}],"replies":[{"embeddable":true,"href":"https:\/\/www.iesjavirtual.es\/revista\/wp-json\/wp\/v2\/comments?post=1317"}],"version-history":[{"count":2,"href":"https:\/\/www.iesjavirtual.es\/revista\/wp-json\/wp\/v2\/posts\/1317\/revisions"}],"predecessor-version":[{"id":1330,"href":"https:\/\/www.iesjavirtual.es\/revista\/wp-json\/wp\/v2\/posts\/1317\/revisions\/1330"}],"wp:attachment":[{"href":"https:\/\/www.iesjavirtual.es\/revista\/wp-json\/wp\/v2\/media?parent=1317"}],"wp:term":[{"taxonomy":"category","embeddable":true,"href":"https:\/\/www.iesjavirtual.es\/revista\/wp-json\/wp\/v2\/categories?post=1317"},{"taxonomy":"post_tag","embeddable":true,"href":"https:\/\/www.iesjavirtual.es\/revista\/wp-json\/wp\/v2\/tags?post=1317"}],"curies":[{"name":"wp","href":"https:\/\/api.w.org\/{rel}","templated":true}]}}