{"id":740,"date":"2019-03-10T17:57:13","date_gmt":"2019-03-10T16:57:13","guid":{"rendered":"http:\/\/www.iesjavirtual.es\/revista\/?p=740"},"modified":"2019-03-10T20:26:08","modified_gmt":"2019-03-10T19:26:08","slug":"feminismo-liberal-el-virus-de-las-terfs","status":"publish","type":"post","link":"https:\/\/www.iesjavirtual.es\/revista\/feminismo-liberal-el-virus-de-las-terfs\/","title":{"rendered":"El virus de las TERFs"},"content":{"rendered":"<p>El feminismo se define como un movimiento social cuyo objetivo es la emancipaci\u00f3n de la mujer en un sistema pol\u00edtico-cultural marcado por un gran car\u00e1cter diferenciador de g\u00e9neros llamado patriarcado, en el cual los hombres salen privilegiados social y econ\u00f3micamente. Sin embargo, como todo movimiento social, se crean diferentes pensamientos dentro de un mismo marco ideol\u00f3gico. Pensamientos que suelen ser introducidos por una autocr\u00edtica o bien por nuevos adeptos que adaptan la ideolog\u00eda del movimiento a sus intereses.<\/p>\n<p>En el caso del feminismo, encontramos varias formas de entenderlo, pero destacan dos: el feminismo radical y el feminismo liberal. La principal diferencia entre estas dos vertientes es que el feminismo liberal opta por una lucha individual, es decir, que con la libertad individual se logra la emancipaci\u00f3n.<\/p>\n<figure id=\"attachment_762\" aria-describedby=\"caption-attachment-762\" style=\"width: 300px\" class=\"wp-caption alignright\"><a href=\"http:\/\/www.iesjavirtual.es\/revista\/feminismo-liberal-el-virus-de-las-terfs\/eneko_feminismo_liberal\/\" rel=\"attachment wp-att-762\"><img loading=\"lazy\" class=\"size-medium wp-image-762\" src=\"http:\/\/www.iesjavirtual.es\/revista\/wp-content\/uploads\/2019\/03\/ENEKO_feminismo_liberal-300x196.jpg\" alt=\"\" width=\"300\" height=\"196\" srcset=\"https:\/\/www.iesjavirtual.es\/revista\/wp-content\/uploads\/2019\/03\/ENEKO_feminismo_liberal-300x196.jpg 300w, https:\/\/www.iesjavirtual.es\/revista\/wp-content\/uploads\/2019\/03\/ENEKO_feminismo_liberal-768x503.jpg 768w, https:\/\/www.iesjavirtual.es\/revista\/wp-content\/uploads\/2019\/03\/ENEKO_feminismo_liberal-1024x670.jpg 1024w, https:\/\/www.iesjavirtual.es\/revista\/wp-content\/uploads\/2019\/03\/ENEKO_feminismo_liberal-1440x943.jpg 1440w, https:\/\/www.iesjavirtual.es\/revista\/wp-content\/uploads\/2019\/03\/ENEKO_feminismo_liberal.jpg 1500w\" sizes=\"(max-width: 300px) 100vw, 300px\" \/><\/a><figcaption id=\"caption-attachment-762\" class=\"wp-caption-text\">Feminismo neoliberal<\/figcaption><\/figure>\n<p>Por el contrario, el feminismo radical aboga por una forma de lucha colectiva, haciendo un exhaustivo an\u00e1lisis de conceptos como patriarcado, g\u00e9nero o libertad sexual. En la actualidad se diferencian m\u00e1s que hace unas d\u00e9cadas y se ve una clara distinci\u00f3n entre uno y otro. Por ejemplo, en el caso de la prostituci\u00f3n y la pornograf\u00eda, las liberales defienden a las trabajadoras que quieran ejercer estos oficios y apoyan una regulaci\u00f3n de esta. En cambio, las radicales abogan por la abolici\u00f3n de ambas, ya que los derechos de las mujeres deben de estar por encima de las exigencias de un mercado, que en general, llega a ser esclavitud. Defienden que se d\u00e9 soluciones laborales a las mujeres que se ven en la necesidad de dedicarse a la prostituci\u00f3n por falta de recursos y que no se comercialice con sus cuerpos.<\/p>\n<figure id=\"attachment_774\" aria-describedby=\"caption-attachment-774\" style=\"width: 338px\" class=\"wp-caption alignleft\"><a href=\"http:\/\/www.iesjavirtual.es\/revista\/wp-content\/uploads\/2019\/03\/WhatsApp-Image-2019-03-10-at-14.58.00.jpeg\" rel=\"attachment wp-att-761\"><img loading=\"lazy\" class=\"wp-image-774\" src=\"http:\/\/www.iesjavirtual.es\/revista\/wp-content\/uploads\/2019\/03\/WhatsApp-Image-2019-03-10-at-14.58.00.jpeg\" alt=\"TERF defendiendo su discurso, que excluye a las mujeres trans.\" width=\"338\" height=\"276\" srcset=\"https:\/\/www.iesjavirtual.es\/revista\/wp-content\/uploads\/2019\/03\/WhatsApp-Image-2019-03-10-at-14.58.00.jpeg 720w, https:\/\/www.iesjavirtual.es\/revista\/wp-content\/uploads\/2019\/03\/WhatsApp-Image-2019-03-10-at-14.58.00-300x245.jpeg 300w\" sizes=\"(max-width: 338px) 100vw, 338px\" \/><\/a><figcaption id=\"caption-attachment-774\" class=\"wp-caption-text\">TERF<\/figcaption><\/figure>\n<p>De este modo, existen otras feministas que \u00faltimamente reciben gran cr\u00edtica. El Feminismo Radical Trans Excluyente (TERF por sus siglas en ingl\u00e9s), tiene su origen en los a\u00f1os 70, pero a d\u00eda de hoy sigue estando muy presente. Este feminismo, como su nombre indica, excluye a las mujeres transexuales (mujeres que nacieron con los caracteres biol\u00f3gicos de hombre, pero su g\u00e9nero es femenino), respald\u00e1ndose en el hecho de que estas mujeres al no haber nacido biol\u00f3gicamente mujeres no han sufrido ni sufren la opresi\u00f3n patriarcal que sufren las mujeres cis (su g\u00e9nero es acorde a su sexo biol\u00f3gico). Este es un feminismo tr\u00e1nsfobo y excluyente, ya que discrimina a las mujeres trans, que son igual de v\u00e1lidas que las cis. A pesar de que en el nombre aparezca la palabra radical, el feminismo radical en ning\u00fan momento excluye a la mujeres trans, ya que es un feminismo inclusivo.<\/p>\n<figure id=\"attachment_741\" aria-describedby=\"caption-attachment-741\" style=\"width: 300px\" class=\"wp-caption alignright\"><img loading=\"lazy\" class=\"wp-image-741 size-medium\" style=\"font-style: normal; font-variant-ligatures: normal; font-variant-caps: normal; font-weight: 400; font-size: 20px; font-family: 'Architects Daughter';\" src=\"http:\/\/www.iesjavirtual.es\/revista\/wp-content\/uploads\/2019\/03\/marsha-y-sylvia-300x169.jpg\" alt=\"Marsha P. Johnson y Syvia Rivera\" width=\"300\" height=\"169\" srcset=\"https:\/\/www.iesjavirtual.es\/revista\/wp-content\/uploads\/2019\/03\/marsha-y-sylvia-300x169.jpg 300w, https:\/\/www.iesjavirtual.es\/revista\/wp-content\/uploads\/2019\/03\/marsha-y-sylvia-768x432.jpg 768w, https:\/\/www.iesjavirtual.es\/revista\/wp-content\/uploads\/2019\/03\/marsha-y-sylvia.jpg 1024w\" sizes=\"(max-width: 300px) 100vw, 300px\" \/><figcaption id=\"caption-attachment-741\" class=\"wp-caption-text\">Marsha P. Johnson y Sylvia Rivera<\/figcaption><\/figure>\n<p>La lucha de las mujeres transexuales se remonta a los a\u00f1os 70 y 80 sobretodo en EEUU, donde tuvo gran relevancia en los disturbios de Stonewall, por ejemplo, y con personajes tan importantes como Marsha P. Johnson o Sylvia Rivera. Encabezaron decenas de revueltas y manifestaciones y, sin embargo, cuando el movimiento gay\u00a0cobr\u00f3 cierta importancia (en gran parte gracias a ellas) se las excluy\u00f3 del movimiento y no se les dio la relevancia necesaria.<\/p>\n<p>Hoy en d\u00eda, siguen existiendo \u00abfeministas\u00bb que rechazan a las mujeres transexuales. Es importante apoyar a estas mujeres, ya que son igual de v\u00e1lidas que las cis, por ello, es necesario evitar comportamiento tr\u00e1nsfobos si nuestra intenci\u00f3n es llegar con nuestro feminismo a todas las mujeres posibles. De esta forma, en manifestaciones feministas debemos intentar no gritar consignas que hagan referencia a los genitales, como por ejemplo \u00abPolla violadora a la trituradora\u00bb, porque no violan los penes, sino los hombres y la cultura de la violaci\u00f3n que ha creado el patriarcado.<\/p>\n<figure id=\"attachment_760\" aria-describedby=\"caption-attachment-760\" style=\"width: 300px\" class=\"wp-caption alignleft\"><a href=\"http:\/\/www.iesjavirtual.es\/revista\/feminismo-liberal-el-virus-de-las-terfs\/bilbao-ayuntamiento-u501219768754wnd-u5012190144707ub-984x608el-correo-elcorreo\/\" rel=\"attachment wp-att-760\"><img loading=\"lazy\" class=\"size-medium wp-image-760\" src=\"http:\/\/www.iesjavirtual.es\/revista\/wp-content\/uploads\/2019\/03\/bilbao-ayuntamiento-U501219768754WnD-U5012190144707uB-984x608@El-Correo-ElCorreo-300x186.jpg\" alt=\"\" width=\"300\" height=\"186\" srcset=\"https:\/\/www.iesjavirtual.es\/revista\/wp-content\/uploads\/2019\/03\/bilbao-ayuntamiento-U501219768754WnD-U5012190144707uB-984x608@El-Correo-ElCorreo-300x186.jpg 300w, https:\/\/www.iesjavirtual.es\/revista\/wp-content\/uploads\/2019\/03\/bilbao-ayuntamiento-U501219768754WnD-U5012190144707uB-984x608@El-Correo-ElCorreo-768x475.jpg 768w, https:\/\/www.iesjavirtual.es\/revista\/wp-content\/uploads\/2019\/03\/bilbao-ayuntamiento-U501219768754WnD-U5012190144707uB-984x608@El-Correo-ElCorreo.jpg 983w\" sizes=\"(max-width: 300px) 100vw, 300px\" \/><\/a><figcaption id=\"caption-attachment-760\" class=\"wp-caption-text\">Manifestaci\u00f3n Bilbao<\/figcaption><\/figure>\n<p>Asimismo, tambi\u00e9n debemos ahorrarnos hacer el s\u00edmbolo del \u00fatero como forma de protesta de todas las mujeres, ya que hay mujeres sin vagina. Estos son grandes gestos que hacen a los espacios feministas m\u00e1s inclusivos, donde toda mujer se siente segura y en libertad, donde encontramos hermanas que nos ayudan a luchar. Porque juntas somos m\u00e1s fuertes.<\/p>\n<figure id=\"attachment_771\" aria-describedby=\"caption-attachment-771\" style=\"width: 261px\" class=\"wp-caption alignright\"><a href=\"http:\/\/www.iesjavirtual.es\/revista\/feminismo-liberal-el-virus-de-las-terfs\/img-20190310-wa0019\/\" rel=\"attachment wp-att-771\"><img loading=\"lazy\" class=\" wp-image-771\" src=\"http:\/\/www.iesjavirtual.es\/revista\/wp-content\/uploads\/2019\/03\/IMG-20190310-WA0019-225x300.jpg\" alt=\"\" width=\"261\" height=\"348\" srcset=\"https:\/\/www.iesjavirtual.es\/revista\/wp-content\/uploads\/2019\/03\/IMG-20190310-WA0019-225x300.jpg 225w, https:\/\/www.iesjavirtual.es\/revista\/wp-content\/uploads\/2019\/03\/IMG-20190310-WA0019-768x1024.jpg 768w, https:\/\/www.iesjavirtual.es\/revista\/wp-content\/uploads\/2019\/03\/IMG-20190310-WA0019-1080x1440.jpg 1080w, https:\/\/www.iesjavirtual.es\/revista\/wp-content\/uploads\/2019\/03\/IMG-20190310-WA0019.jpg 1200w\" sizes=\"(max-width: 261px) 100vw, 261px\" \/><\/a><figcaption id=\"caption-attachment-771\" class=\"wp-caption-text\">Maifestaci\u00f3n 8M 2019<\/figcaption><\/figure>\n<figure id=\"attachment_763\" aria-describedby=\"caption-attachment-763\" style=\"width: 482px\" class=\"wp-caption alignleft\"><a href=\"http:\/\/www.iesjavirtual.es\/revista\/feminismo-liberal-el-virus-de-las-terfs\/1520522152_112612_1520538106_noticia_normal\/\" rel=\"attachment wp-att-763\"><img loading=\"lazy\" class=\" wp-image-763\" src=\"http:\/\/www.iesjavirtual.es\/revista\/wp-content\/uploads\/2019\/03\/1520522152_112612_1520538106_noticia_normal-300x169.jpg\" alt=\"\" width=\"482\" height=\"272\" srcset=\"https:\/\/www.iesjavirtual.es\/revista\/wp-content\/uploads\/2019\/03\/1520522152_112612_1520538106_noticia_normal-300x169.jpg 300w, https:\/\/www.iesjavirtual.es\/revista\/wp-content\/uploads\/2019\/03\/1520522152_112612_1520538106_noticia_normal-768x432.jpg 768w, https:\/\/www.iesjavirtual.es\/revista\/wp-content\/uploads\/2019\/03\/1520522152_112612_1520538106_noticia_normal.jpg 980w\" sizes=\"(max-width: 482px) 100vw, 482px\" \/><\/a><figcaption id=\"caption-attachment-763\" class=\"wp-caption-text\">8M Madrid 2019<\/figcaption><\/figure>\n","protected":false},"excerpt":{"rendered":"<p>El feminismo se define como un movimiento social cuyo objetivo es la emancipaci\u00f3n de la mujer en un sistema pol\u00edtico-cultural marcado por un gran car\u00e1cter diferenciador de g\u00e9neros llamado patriarcado, en el cual los hombres salen privilegiados social y econ\u00f3micamente. Sin embargo, como todo movimiento social, se crean diferentes pensamientos dentro de un mismo marco [&hellip;]<\/p>\n","protected":false},"author":15,"featured_media":765,"comment_status":"open","ping_status":"open","sticky":false,"template":"","format":"standard","meta":[],"categories":[3,116],"tags":[29,136,140,137,119,138,125,139],"_links":{"self":[{"href":"https:\/\/www.iesjavirtual.es\/revista\/wp-json\/wp\/v2\/posts\/740"}],"collection":[{"href":"https:\/\/www.iesjavirtual.es\/revista\/wp-json\/wp\/v2\/posts"}],"about":[{"href":"https:\/\/www.iesjavirtual.es\/revista\/wp-json\/wp\/v2\/types\/post"}],"author":[{"embeddable":true,"href":"https:\/\/www.iesjavirtual.es\/revista\/wp-json\/wp\/v2\/users\/15"}],"replies":[{"embeddable":true,"href":"https:\/\/www.iesjavirtual.es\/revista\/wp-json\/wp\/v2\/comments?post=740"}],"version-history":[{"count":13,"href":"https:\/\/www.iesjavirtual.es\/revista\/wp-json\/wp\/v2\/posts\/740\/revisions"}],"predecessor-version":[{"id":776,"href":"https:\/\/www.iesjavirtual.es\/revista\/wp-json\/wp\/v2\/posts\/740\/revisions\/776"}],"wp:featuredmedia":[{"embeddable":true,"href":"https:\/\/www.iesjavirtual.es\/revista\/wp-json\/wp\/v2\/media\/765"}],"wp:attachment":[{"href":"https:\/\/www.iesjavirtual.es\/revista\/wp-json\/wp\/v2\/media?parent=740"}],"wp:term":[{"taxonomy":"category","embeddable":true,"href":"https:\/\/www.iesjavirtual.es\/revista\/wp-json\/wp\/v2\/categories?post=740"},{"taxonomy":"post_tag","embeddable":true,"href":"https:\/\/www.iesjavirtual.es\/revista\/wp-json\/wp\/v2\/tags?post=740"}],"curies":[{"name":"wp","href":"https:\/\/api.w.org\/{rel}","templated":true}]}}